{"id":28092,"date":"2024-03-25T06:56:59","date_gmt":"2024-03-25T05:56:59","guid":{"rendered":"https:\/\/www.pomgedichten.nl\/?p=28092"},"modified":"2024-03-25T06:57:18","modified_gmt":"2024-03-25T05:57:18","slug":"peter-berger-in-lissabon-ik-hou-ook-van-oeverloos-dolen-want-zonder-doel-kan-je-nooit-verdwalen","status":"publish","type":"post","link":"https:\/\/www.pomgedichten.nl\/index.php\/2024\/03\/25\/peter-berger-in-lissabon-ik-hou-ook-van-oeverloos-dolen-want-zonder-doel-kan-je-nooit-verdwalen\/","title":{"rendered":"Peter Berger in Lissabon: &#8216;Ik hou ook van oeverloos dolen, want zonder doel kan je nooit verdwalen&#8230;&#8217;"},"content":{"rendered":"\n<p><\/p>\n\n\n<div class=\"wp-block-image\">\n<figure class=\"aligncenter size-large is-resized\"><a href=\"https:\/\/www.pomgedichten.nl\/wp-content\/uploads\/2023\/12\/peter-berger4-scaled.jpg\"><img loading=\"lazy\" decoding=\"async\" width=\"1024\" height=\"683\" src=\"https:\/\/www.pomgedichten.nl\/wp-content\/uploads\/2023\/12\/peter-berger4-1024x683.jpg\" alt=\"\" class=\"wp-image-27376\" style=\"width:408px;height:auto\" srcset=\"https:\/\/www.pomgedichten.nl\/wp-content\/uploads\/2023\/12\/peter-berger4-1024x683.jpg 1024w, https:\/\/www.pomgedichten.nl\/wp-content\/uploads\/2023\/12\/peter-berger4-300x200.jpg 300w, https:\/\/www.pomgedichten.nl\/wp-content\/uploads\/2023\/12\/peter-berger4-768x512.jpg 768w, https:\/\/www.pomgedichten.nl\/wp-content\/uploads\/2023\/12\/peter-berger4-1536x1024.jpg 1536w, https:\/\/www.pomgedichten.nl\/wp-content\/uploads\/2023\/12\/peter-berger4-2048x1365.jpg 2048w, https:\/\/www.pomgedichten.nl\/wp-content\/uploads\/2023\/12\/peter-berger4-1568x1045.jpg 1568w\" sizes=\"auto, (max-width: 1024px) 100vw, 1024px\" \/><\/a><figcaption class=\"wp-element-caption\"><br>T-shirt. Zonnestralen. Penetrerende warmte. \u00c1gua com g\u00e1s. Lekker! Prima toeven is het hier met vijfentwintig celcius! In Lisboa. Een graadje of tien erbij zou van mij best mogen maar het is pas maart. Gewoon genieten dus. De AirBnB ligt vlak bij die antieke tram die zo steil omhoog gaat dat het eigenlijk meer een lift is. To steep for a tram. Too lame for a lift. That road. In Lissabon. Nog een paar straatjes verder omhoog bel ik aan bij een verveloos gebouw aan de rand van de Bairro Alto. In zo&#8217;n supernauw steegje. Dat gebouw. <br><br>De oude dame van de begane grond gaat over de sleutels. Hoewel de honderd nabij fonkelen haar ogen als van een jonge furie. Ik raak de weg kwijt in de tonen van haar stem want Portugees is zo&#8217;n taal waar ik geen enkel gevoel bij heb. Geen kompas.<br><br>De eikenhouten trap zigzagt zich kaal en sloom als een gesegmenteerde slang omhoog. Het kromgetrokken vrouwtje waagt zich er niet aan, aan die klim, duwt me een setje sleutels in de hand en gebaart met drie opgestoken vingers waar ik zijn moet. Het ruikt er naar Sopa de Bacalhau. In dat trappenhuis. Een klein bordes met hoge smalle paneeldeurtjes verschaft me toegang tot het appartement. Absurd groot, met veel kamers, maar ik kom er de tijd wel mee door. Met die ruimte. Authentiek ook. Koloniaal bijna. Niet zo&#8217;n fantasieloos opgepimpt ding. Enigszins in verval. Het ademt historie. Je moet ervan houden. En dat doe ik.<br><br>Ik hou ook van oeverloos dolen, want zonder doel kan je nooit verdwalen. Ik hoef ook niet voortdurend te weten waar ik ben; en in een stad aan zee is het simpel navigeren. Omhoog. Omlaag. Eitje dus. Gaat prima zonder smartphone. Nou is Lissabon gebouwd op meerdere heuvels, wat soms tot verrassende omwegen leidt, maar na een uurtje of vier ben ik gewoon weer waar ik vertrokken ben. Life is simple: Vlakbij dat gele steile trammetje. Een hoop indrukken rijker.<br><br>Flarden van een marmeren koopgoot. Een kribbig obermeisje dat een onfortuinlijke vlieg levend van een tafeltje probeert te poetsen. Een grimmige demonstratie die over geld gaat. Pol\u00edcia nervoso. Een ijzeren toren en imposante hagelwitte gebouwen die getuigen van ongekende weldaad. Vergezichten. En eindeloos veel trappen. Het zijn de met steentjes geplaveide stoepen hier die alles verbinden. Kalksteen. Zwart. Wit. Werkelijk betoverende moza\u00efeken zijn het. Sterren. Golven. Blokken. Cirkels. Bloemen. Slingerende psychedelische patronen zijn het. In die stoepen verstopt. Geniaal gecomponeerd als ritmische patronen in snerpende techno. Dat kan geen toeval zijn. Straks naar S\u00f3nar: festival de m\u00fasica eletr\u00f4nica. <br><br><br>PETER BERGER<\/figcaption><\/figure>\n<\/div>\r\n\t\t<style>\r\n\t\t\t.huge-it-share-buttons {\r\n\t\t\t\tborder:0px solid #0FB5D6;\r\n\t\t\t\tborder-radius:5px;\r\n\t\t\t\tbackground:#3BD8FF;\r\n\t\t\t\t\t\t text-align:right; \t\t\t\t\t\t}\r\n\r\n\t\t\t#huge-it-share-buttons-top {margin-bottom:0px;}\r\n\t\t\t#huge-it-share-buttons-bottom {margin-top:0px;}\r\n\r\n\t\t\t.huge-it-share-buttons h3 {\r\n\t\t\t\tfont-size:25px ;\r\n\t\t\t\tfont-family:Arial,Helvetica Neue,Helvetica,sans-serif;\r\n\t\t\t\tcolor:#666666;\r\n\r\n\t\t\tdisplay:block;\t\t\t\tline-height:25px ;\r\n\r\n\t\t\t\t\t\t text-align:right; \t\t\t\t\t\t}\r\n\r\n\t\t\t.huge-it-share-buttons ul {\r\n\t\t\t\t\t\t float:right; \t\t\t\t\t\t}\r\n\r\n\t\t\t.huge-it-share-buttons ul li {\r\n\t\t\t\tmargin-left:3px;\r\n\t\t\t\tmargin-right:3px;\r\n\t\t\t\tpadding:0px;\r\n\t\t\t\tborder:0px ridge #E6354C;\r\n\t\t\t\tborder-radius:11px;\r\n\t\t\t\tbackground-color:#14CC9B;\r\n\t\t\t}\r\n\r\n\t\t\t.huge-it-share-buttons ul li #backforunical28092 {\r\n\t\t\t\tborder-bottom: 0;\r\n\t\t\t\tbackground-image:url('https:\/\/www.pomgedichten.nl\/wp-content\/plugins\/wp-share-buttons\/Front_end\/..\/images\/buttons.20.png');\r\n\t\t\t\twidth:20px;\r\n\t\t\t\theight:20px;\r\n\t\t\t}\r\n\r\n\t\t\t.front-shares-count {\r\n\t\t\t\tposition: absolute;\r\n\t\t\t\ttext-align: center;\r\n\t\t\t\tdisplay: block;\r\n\t\t\t}\r\n\r\n\t\t\t.shares_size20 .front-shares-count {\r\n\t\t\t\tfont-size: 10px;\r\n\t\t\t\ttop: 10px;\r\n\t\t\t\twidth: 20px;\r\n\t\t\t}\r\n\r\n\t\t\t.shares_size30 .front-shares-count {\r\n\t\t\t\tfont-size: 11px;\r\n\t\t\t\ttop: 15px;\r\n\t\t\t\twidth: 30px;\r\n\t\t\t}\r\n\r\n\t\t\t.shares_size40 .front-shares-count {\r\n\t\t\t\tfont-size: 12px;\r\n\t\t\t\ttop: 21px;\r\n\t\t\t\twidth: 40px;\r\n\t\t\t}\r\n\t\t<\/style>\r\n\t\t\r\n\t\t<div id=\"huge-it-share-buttons-top\" class=\"huge-it-share-buttons nobackground\">\r\n\t\t\t<h3>Share This:<\/h3>\r\n\t\t\t<ul class=\"huge-it-share-buttons-list \">\r\n\t\t\t\t\t\t\t\t\t<li class=\"nobackground \" >\r\n\r\n\t\t\t\t\t\t\t\t\t\t\t\t<a id=\"backforunical28092\" href=\"https:\/\/www.facebook.com\/sharer\/sharer.php?u=www.pomgedichten.nl\/index.php\/wp-json\/wp\/v2\/posts\/28092\"  onclick=\"javascript:void window.open('https:\/\/www.facebook.com\/sharer\/sharer.php?u=www.pomgedichten.nl\/index.php\/wp-json\/wp\/v2\/posts\/28092','1410949501326','width=700,height=500,toolbar=0,menubar=0,location=0,status=1,scrollbars=1,resizable=1,left=0,top=0');return false;\" style=\"background-position: -0px -80px \"><\/a>\r\n\t\t\t\t\t<\/li>\r\n\t\t\t\t\t\t\t\t\t\t<li class=\"nobackground \" >\r\n\r\n\t\t\t\t\t\t\t\t\t\t\t\t<a id=\"backforunical28092\" href=\"https:\/\/twitter.com\/share?status=www.pomgedichten.nl\/index.php\/wp-json\/wp\/v2\/posts\/28092&text=Peter Berger in Lissabon: &#8216;Ik hou ook van oeverloos dolen, want zonder doel kan je nooit verdwalen&#8230;&#8217;\"  onclick=\"javascript:void window.open('https:\/\/twitter.com\/share?status=www.pomgedichten.nl\/index.php\/wp-json\/wp\/v2\/posts\/28092&text=Peter Berger in Lissabon: &#8216;Ik hou ook van oeverloos dolen, want zonder doel kan je nooit verdwalen&#8230;&#8217;','1410949501326','width=700,height=500,toolbar=0,menubar=0,location=0,status=1,scrollbars=1,resizable=1,left=0,top=0');return false;\" style=\"background-position: -20px -80px \"><\/a>\r\n\t\t\t\t\t<\/li>\r\n\t\t\t\t\t\t\t\t\t\t<li class=\"none nobackground \" >\r\n\r\n\t\t\t\t\t\t\t\t\t\t\t\t<a id=\"backforunical28092\" href=\"http:\/\/www.pinterest.com\/pin\/create\/button\/?url=www.pomgedichten.nl\/index.php\/wp-json\/wp\/v2\/posts\/28092&media=https:\/\/www.pomgedichten.nl\/wp-content\/plugins\/wp-share-buttons\/Front_end\/..\/images\/noimage.png&description=Peter Berger in Lissabon: &#8216;Ik hou ook van oeverloos dolen, want zonder doel kan je nooit verdwalen&#8230;&#8217;\"  onclick=\"javascript:void window.open('http:\/\/www.pinterest.com\/pin\/create\/button\/?url=www.pomgedichten.nl\/index.php\/wp-json\/wp\/v2\/posts\/28092&media=https:\/\/www.pomgedichten.nl\/wp-content\/plugins\/wp-share-buttons\/Front_end\/..\/images\/noimage.png&description=Peter Berger in Lissabon: &#8216;Ik hou ook van oeverloos dolen, want zonder doel kan je nooit verdwalen&#8230;&#8217;','1410949501326','width=700,height=500,toolbar=0,menubar=0,location=0,status=1,scrollbars=1,resizable=1,left=0,top=0');return false;\" style=\"background-position: -40px -80px \"><\/a>\r\n\t\t\t\t\t<\/li>\r\n\t\t\t\t\t\t\t\t\t\t<li class=\"none nobackground \" >\r\n\r\n\t\t\t\t\t\t\t\t\t\t\t\t<a id=\"backforunical28092\" href=\"https:\/\/plus.google.com\/share?url=www.pomgedichten.nl\/index.php\/wp-json\/wp\/v2\/posts\/28092\"  onclick=\"javascript:void window.open('https:\/\/plus.google.com\/share?url=www.pomgedichten.nl\/index.php\/wp-json\/wp\/v2\/posts\/28092','1410949501326','width=700,height=500,toolbar=0,menubar=0,location=0,status=1,scrollbars=1,resizable=1,left=0,top=0');return false;\" style=\"background-position: -60px -80px \"><\/a>\r\n\t\t\t\t\t<\/li>\r\n\t\t\t\t\t\t\t\t\t\t<li class=\"nobackground \" >\r\n\r\n\t\t\t\t\t\t\t\t\t\t\t\t<a id=\"backforunical28092\" href=\"https:\/\/www.linkedin.com\/shareArticle?title=Peter Berger in Lissabon: &#8216;Ik hou ook van oeverloos dolen, want zonder doel kan je nooit verdwalen&#8230;&#8217;&mini=true&url=https:\/\/www.pomgedichten.nl\/index.php\/wp-json\/wp\/v2\/posts\/28092\"  onclick=\"javascript:void window.open('https:\/\/www.linkedin.com\/shareArticle?title=Peter Berger in Lissabon: &#8216;Ik hou ook van oeverloos dolen, want zonder doel kan je nooit verdwalen&#8230;&#8217;&mini=true&url=https:\/\/www.pomgedichten.nl\/index.php\/wp-json\/wp\/v2\/posts\/28092','1410949501326','width=700,height=500,toolbar=0,menubar=0,location=0,status=1,scrollbars=1,resizable=1,left=0,top=0');return false;\" style=\"background-position: -80px -80px \"><\/a>\r\n\t\t\t\t\t<\/li>\r\n\t\t\t\t\t\t\t\t\t\t<li class=\"none nobackground \" >\r\n\r\n\t\t\t\t\t\t\t\t\t\t\t\t<a id=\"backforunical28092\" href=\"https:\/\/www.tumblr.com\/share\/link?url=www.pomgedichten.nl\/index.php\/wp-json\/wp\/v2\/posts\/28092&name=Peter Berger in Lissabon: &#8216;Ik hou ook van oeverloos dolen, want zonder doel kan je nooit verdwalen&#8230;&#8217;\"  onclick=\"javascript:void window.open('https:\/\/www.tumblr.com\/share\/link?url=www.pomgedichten.nl\/index.php\/wp-json\/wp\/v2\/posts\/28092&name=Peter Berger in Lissabon: &#8216;Ik hou ook van oeverloos dolen, want zonder doel kan je nooit verdwalen&#8230;&#8217;','1410949501326','width=700,height=500,toolbar=0,menubar=0,location=0,status=1,scrollbars=1,resizable=1,left=0,top=0');return false;\" style=\"background-position: -100px -80px \"><\/a>\r\n\t\t\t\t\t<\/li>\r\n\t\t\t\t\t\t\t\t\t\t<li class=\"none nobackground \" >\r\n\r\n\t\t\t\t\t\t\t\t\t\t\t\t<a id=\"backforunical28092\" href=\"http:\/\/digg.com\/submit?phase=2&url=www.pomgedichten.nl\/index.php\/wp-json\/wp\/v2\/posts\/28092&title=Peter Berger in Lissabon: &#8216;Ik hou ook van oeverloos dolen, want zonder doel kan je nooit verdwalen&#8230;&#8217;\"  onclick=\"javascript:void window.open('http:\/\/digg.com\/submit?phase=2&url=www.pomgedichten.nl\/index.php\/wp-json\/wp\/v2\/posts\/28092&title=Peter Berger in Lissabon: &#8216;Ik hou ook van oeverloos dolen, want zonder doel kan je nooit verdwalen&#8230;&#8217;','1410949501326','width=700,height=500,toolbar=0,menubar=0,location=0,status=1,scrollbars=1,resizable=1,left=0,top=0');return false;\" style=\"background-position: -120px -80px \"><\/a>\r\n\t\t\t\t\t<\/li>\r\n\t\t\t\t\t\t\t\t\t\t<li class=\"none nobackground \" >\r\n\r\n\t\t\t\t\t\t\t\t\t\t\t\t<a id=\"backforunical28092\" href=\"http:\/\/www.stumbleupon.com\/submit?url=www.pomgedichten.nl\/index.php\/wp-json\/wp\/v2\/posts\/28092&title=Peter Berger in Lissabon: &#8216;Ik hou ook van oeverloos dolen, want zonder doel kan je nooit verdwalen&#8230;&#8217;\"  onclick=\"javascript:void window.open('http:\/\/www.stumbleupon.com\/submit?url=www.pomgedichten.nl\/index.php\/wp-json\/wp\/v2\/posts\/28092&title=Peter Berger in Lissabon: &#8216;Ik hou ook van oeverloos dolen, want zonder doel kan je nooit verdwalen&#8230;&#8217;','1410949501326','width=700,height=500,toolbar=0,menubar=0,location=0,status=1,scrollbars=1,resizable=1,left=0,top=0');return false;\" style=\"background-position: -140px -80px \"><\/a>\r\n\t\t\t\t\t<\/li>\r\n\t\t\t\t\t\t\t\t\t\t<li class=\"none nobackground \" >\r\n\r\n\t\t\t\t\t\t\t\t\t\t\t\t<a id=\"backforunical28092\" href=\"https:\/\/myspace.com\/post?l=3&u=www.pomgedichten.nl\/index.php\/wp-json\/wp\/v2\/posts\/28092\"  onclick=\"javascript:void window.open('https:\/\/myspace.com\/post?l=3&u=www.pomgedichten.nl\/index.php\/wp-json\/wp\/v2\/posts\/28092','1410949501326','width=700,height=500,toolbar=0,menubar=0,location=0,status=1,scrollbars=1,resizable=1,left=0,top=0');return false;\" style=\"background-position: -160px -80px \"><\/a>\r\n\t\t\t\t\t<\/li>\r\n\t\t\t\t\t\t\t\t\t\t<li class=\"none nobackground \" >\r\n\r\n\t\t\t\t\t\t\t\t\t\t\t\t<a id=\"backforunical28092\" href=\"http:\/\/vk.com\/share.php?url=www.pomgedichten.nl\/index.php\/wp-json\/wp\/v2\/posts\/28092&title=Peter Berger in Lissabon: &#8216;Ik hou ook van oeverloos dolen, want zonder doel kan je nooit verdwalen&#8230;&#8217;\"  onclick=\"javascript:void window.open('http:\/\/vk.com\/share.php?url=www.pomgedichten.nl\/index.php\/wp-json\/wp\/v2\/posts\/28092&title=Peter Berger in Lissabon: &#8216;Ik hou ook van oeverloos dolen, want zonder doel kan je nooit verdwalen&#8230;&#8217;','1410949501326','width=700,height=500,toolbar=0,menubar=0,location=0,status=1,scrollbars=1,resizable=1,left=0,top=0');return false;\" style=\"background-position: -180px -80px \"><\/a>\r\n\t\t\t\t\t<\/li>\r\n\t\t\t\t\t\t\t\t\t\t<li class=\"none nobackground \" >\r\n\r\n\t\t\t\t\t\t\t\t\t\t\t\t<a id=\"backforunical28092\" href=\"http:\/\/www.reddit.com\/submit?url=www.pomgedichten.nl\/index.php\/wp-json\/wp\/v2\/posts\/28092&title=Peter Berger in Lissabon: &#8216;Ik hou ook van oeverloos dolen, want zonder doel kan je nooit verdwalen&#8230;&#8217;\"  onclick=\"javascript:void window.open('http:\/\/www.reddit.com\/submit?url=www.pomgedichten.nl\/index.php\/wp-json\/wp\/v2\/posts\/28092&title=Peter Berger in Lissabon: &#8216;Ik hou ook van oeverloos dolen, want zonder doel kan je nooit verdwalen&#8230;&#8217;','1410949501326','width=700,height=500,toolbar=0,menubar=0,location=0,status=1,scrollbars=1,resizable=1,left=0,top=0');return false;\" style=\"background-position: -200px -80px \"><\/a>\r\n\t\t\t\t\t<\/li>\r\n\t\t\t\t\t\t\t\t\t\t<li class=\"none nobackground \" >\r\n\r\n\t\t\t\t\t\t\t\t\t\t\t\t<a id=\"backforunical28092\" href=\"http:\/\/www.bebo.com\/c\/share?Url=www.pomgedichten.nl\/index.php\/wp-json\/wp\/v2\/posts\/28092\"  onclick=\"javascript:void window.open('http:\/\/www.bebo.com\/c\/share?Url=www.pomgedichten.nl\/index.php\/wp-json\/wp\/v2\/posts\/28092','1410949501326','width=700,height=500,toolbar=0,menubar=0,location=0,status=1,scrollbars=1,resizable=1,left=0,top=0');return false;\" style=\"background-position: -220px -80px \"><\/a>\r\n\t\t\t\t\t<\/li>\r\n\t\t\t\t\t\t\t\t\t\t<li class=\"none nobackground \" >\r\n\r\n\t\t\t\t\t\t\t\t\t\t\t\t<a id=\"backforunical28092\" href=\"https:\/\/delicious.com\/save?v=5&noui&jump=close&url=www.pomgedichten.nl\/index.php\/wp-json\/wp\/v2\/posts\/28092&title=Peter Berger in Lissabon: &#8216;Ik hou ook van oeverloos dolen, want zonder doel kan je nooit verdwalen&#8230;&#8217;\"  onclick=\"javascript:void window.open('https:\/\/delicious.com\/save?v=5&noui&jump=close&url=www.pomgedichten.nl\/index.php\/wp-json\/wp\/v2\/posts\/28092&title=Peter Berger in Lissabon: &#8216;Ik hou ook van oeverloos dolen, want zonder doel kan je nooit verdwalen&#8230;&#8217;','1410949501326','width=700,height=500,toolbar=0,menubar=0,location=0,status=1,scrollbars=1,resizable=1,left=0,top=0');return false;\" style=\"background-position: -240px -80px \"><\/a>\r\n\t\t\t\t\t<\/li>\r\n\t\t\t\t\t\t\t\t\t\t<li class=\"none nobackground \" >\r\n\r\n\t\t\t\t\t\t\t\t\t\t\t\t<a id=\"backforunical28092\" href=\"http:\/\/www.odnoklassniki.ru\/dk?st.cmd=addShare&st.s=2&st.noresize=on&st._surl=www.pomgedichten.nl\/index.php\/wp-json\/wp\/v2\/posts\/28092\"  onclick=\"javascript:void window.open('http:\/\/www.odnoklassniki.ru\/dk?st.cmd=addShare&st.s=2&st.noresize=on&st._surl=www.pomgedichten.nl\/index.php\/wp-json\/wp\/v2\/posts\/28092','1410949501326','width=700,height=500,toolbar=0,menubar=0,location=0,status=1,scrollbars=1,resizable=1,left=0,top=0');return false;\" style=\"background-position: -260px -80px \"><\/a>\r\n\t\t\t\t\t<\/li>\r\n\t\t\t\t\t\t\t\t\t\t<li class=\"none nobackground \" >\r\n\r\n\t\t\t\t\t\t\t\t\t\t\t\t<a id=\"backforunical28092\" href=\"http:\/\/sns.qzone.qq.com\/cgi-bin\/qzshare\/cgi_qzshare_onekey?url=www.pomgedichten.nl\/index.php\/wp-json\/wp\/v2\/posts\/28092&title=Peter Berger in Lissabon: &#8216;Ik hou ook van oeverloos dolen, want zonder doel kan je nooit verdwalen&#8230;&#8217;\"  onclick=\"javascript:void window.open('http:\/\/sns.qzone.qq.com\/cgi-bin\/qzshare\/cgi_qzshare_onekey?url=www.pomgedichten.nl\/index.php\/wp-json\/wp\/v2\/posts\/28092&title=Peter Berger in Lissabon: &#8216;Ik hou ook van oeverloos dolen, want zonder doel kan je nooit verdwalen&#8230;&#8217;','1410949501326','width=700,height=500,toolbar=0,menubar=0,location=0,status=1,scrollbars=1,resizable=1,left=0,top=0');return false;\" style=\"background-position: -280px -80px \"><\/a>\r\n\t\t\t\t\t<\/li>\r\n\t\t\t\t\t\t\t\t\t\t<li class=\"none nobackground \" >\r\n\r\n\t\t\t\t\t\t\t\t\t\t\t\t<a id=\"backforunical28092\" href=\"http:\/\/service.weibo.com\/share\/share.php?url=www.pomgedichten.nl\/index.php\/wp-json\/wp\/v2\/posts\/28092&appkey=&title=Peter Berger in Lissabon: &#8216;Ik hou ook van oeverloos dolen, want zonder doel kan je nooit verdwalen&#8230;&#8217;&pic=&ralateUid=&\"  onclick=\"javascript:void window.open('http:\/\/service.weibo.com\/share\/share.php?url=www.pomgedichten.nl\/index.php\/wp-json\/wp\/v2\/posts\/28092&appkey=&title=Peter Berger in Lissabon: &#8216;Ik hou ook van oeverloos dolen, want zonder doel kan je nooit verdwalen&#8230;&#8217;&pic=&ralateUid=&','1410949501326','width=700,height=500,toolbar=0,menubar=0,location=0,status=1,scrollbars=1,resizable=1,left=0,top=0');return false;\" style=\"background-position: -300px -80px \"><\/a>\r\n\t\t\t\t\t<\/li>\r\n\t\t\t\t\t\t\t\t\t\t<li class=\"none nobackground \" >\r\n\r\n\t\t\t\t\t\t\t\t\t\t\t\t<a id=\"backforunical28092\" href=\"http:\/\/widget.renren.com\/dialog\/share?resourceUrl=www.pomgedichten.nl\/index.php\/wp-json\/wp\/v2\/posts\/28092&srcUrl=www.pomgedichten.nl\/index.php\/wp-json\/wp\/v2\/posts\/28092&title=Peter Berger in Lissabon: &#8216;Ik hou ook van oeverloos dolen, want zonder doel kan je nooit verdwalen&#8230;&#8217;\"  onclick=\"javascript:void window.open('http:\/\/widget.renren.com\/dialog\/share?resourceUrl=www.pomgedichten.nl\/index.php\/wp-json\/wp\/v2\/posts\/28092&srcUrl=www.pomgedichten.nl\/index.php\/wp-json\/wp\/v2\/posts\/28092&title=Peter Berger in Lissabon: &#8216;Ik hou ook van oeverloos dolen, want zonder doel kan je nooit verdwalen&#8230;&#8217;','1410949501326','width=700,height=500,toolbar=0,menubar=0,location=0,status=1,scrollbars=1,resizable=1,left=0,top=0');return false;\" style=\"background-position: -320px -80px \"><\/a>\r\n\t\t\t\t\t<\/li>\r\n\t\t\t\t\t\t\t\t\t\t<li class=\"none nobackground \" >\r\n\r\n\t\t\t\t\t\t\t\t\t\t\t\t<a id=\"backforunical28092\" href=\"http:\/\/n4g.com\/tips?url=www.pomgedichten.nl\/index.php\/wp-json\/wp\/v2\/posts\/28092&title=Peter Berger in Lissabon: &#8216;Ik hou ook van oeverloos dolen, want zonder doel kan je nooit verdwalen&#8230;&#8217;\"  onclick=\"javascript:void window.open('http:\/\/n4g.com\/tips?url=www.pomgedichten.nl\/index.php\/wp-json\/wp\/v2\/posts\/28092&title=Peter Berger in Lissabon: &#8216;Ik hou ook van oeverloos dolen, want zonder doel kan je nooit verdwalen&#8230;&#8217;','1410949501326','width=700,height=500,toolbar=0,menubar=0,location=0,status=1,scrollbars=1,resizable=1,left=0,top=0');return false;\" style=\"background-position: -340px -80px \"><\/a>\r\n\t\t\t\t\t<\/li>\r\n\t\t\t\t\t\t\t\t<\/ul>\r\n\t\t\t<div class=\"clear\"><\/div>\r\n\t\t<\/div>\r\n\t\t","protected":false},"excerpt":{"rendered":"<p>Share This:<\/p>\n","protected":false},"author":2,"featured_media":0,"comment_status":"open","ping_status":"open","sticky":false,"template":"","format":"standard","meta":{"_bbp_topic_count":0,"_bbp_reply_count":0,"_bbp_total_topic_count":0,"_bbp_total_reply_count":0,"_bbp_voice_count":0,"_bbp_anonymous_reply_count":0,"_bbp_topic_count_hidden":0,"_bbp_reply_count_hidden":0,"_bbp_forum_subforum_count":0,"footnotes":""},"categories":[1],"tags":[18],"class_list":["post-28092","post","type-post","status-publish","format-standard","hentry","category-pomberichten","tag-peterberger","entry"],"_links":{"self":[{"href":"https:\/\/www.pomgedichten.nl\/index.php\/wp-json\/wp\/v2\/posts\/28092","targetHints":{"allow":["GET"]}}],"collection":[{"href":"https:\/\/www.pomgedichten.nl\/index.php\/wp-json\/wp\/v2\/posts"}],"about":[{"href":"https:\/\/www.pomgedichten.nl\/index.php\/wp-json\/wp\/v2\/types\/post"}],"author":[{"embeddable":true,"href":"https:\/\/www.pomgedichten.nl\/index.php\/wp-json\/wp\/v2\/users\/2"}],"replies":[{"embeddable":true,"href":"https:\/\/www.pomgedichten.nl\/index.php\/wp-json\/wp\/v2\/comments?post=28092"}],"version-history":[{"count":1,"href":"https:\/\/www.pomgedichten.nl\/index.php\/wp-json\/wp\/v2\/posts\/28092\/revisions"}],"predecessor-version":[{"id":28093,"href":"https:\/\/www.pomgedichten.nl\/index.php\/wp-json\/wp\/v2\/posts\/28092\/revisions\/28093"}],"wp:attachment":[{"href":"https:\/\/www.pomgedichten.nl\/index.php\/wp-json\/wp\/v2\/media?parent=28092"}],"wp:term":[{"taxonomy":"category","embeddable":true,"href":"https:\/\/www.pomgedichten.nl\/index.php\/wp-json\/wp\/v2\/categories?post=28092"},{"taxonomy":"post_tag","embeddable":true,"href":"https:\/\/www.pomgedichten.nl\/index.php\/wp-json\/wp\/v2\/tags?post=28092"}],"curies":[{"name":"wp","href":"https:\/\/api.w.org\/{rel}","templated":true}]}}