{"id":31783,"date":"2025-07-18T13:10:54","date_gmt":"2025-07-18T11:10:54","guid":{"rendered":"https:\/\/www.pomgedichten.nl\/?p=31783"},"modified":"2025-07-18T13:37:19","modified_gmt":"2025-07-18T11:37:19","slug":"friso-woudstra-de-vier-vrijdagen-deel-4-uit-de-bundel-dag-licht-of-dichters-ze-stelen-de-show","status":"publish","type":"post","link":"https:\/\/www.pomgedichten.nl\/index.php\/2025\/07\/18\/friso-woudstra-de-vier-vrijdagen-deel-4-uit-de-bundel-dag-licht-of-dichters-ze-stelen-de-show\/","title":{"rendered":"FRISO WOUDSTRA de vier vrijdagen &#8211; deel 4 &#8211; uit de bundel \u2018Dag licht of Dichters, ze stelen de show\u2019"},"content":{"rendered":"<div class=\"wp-block-image\">\n<figure class=\"aligncenter size-full is-resized\"><a href=\"https:\/\/www.pomgedichten.nl\/wp-content\/uploads\/2025\/06\/IMG_8733-rotated.jpg\"><img loading=\"lazy\" decoding=\"async\" width=\"480\" height=\"640\" src=\"https:\/\/www.pomgedichten.nl\/wp-content\/uploads\/2025\/06\/IMG_8733-rotated.jpg\" alt=\"\" class=\"wp-image-31494\" style=\"width:480px;height:auto\" srcset=\"https:\/\/www.pomgedichten.nl\/wp-content\/uploads\/2025\/06\/IMG_8733-rotated.jpg 480w, https:\/\/www.pomgedichten.nl\/wp-content\/uploads\/2025\/06\/IMG_8733-225x300.jpg 225w\" sizes=\"auto, (max-width: 480px) 100vw, 480px\" \/><\/a><figcaption class=\"wp-element-caption\">Uit het meerdelige werk \u2018<em>VERS van de markt van Den Bosch<\/em>\u2019<br>uit de bundel <strong>\u2018Dag licht <\/strong>of<strong> Dichters, ze stelen de show\u2019<\/strong><br>Beschikbaar gesteld aan Pom Gedichten op 2 juni 2025 ter promotie van de bundel.<br><em>Contact: frisowoudstra@hotmail.com &#8211; 0032470605944<\/em><br><br><br>&#8230;er is hier geknutseld\u00a0<br>aan zotte dromen&#8230;<\/figcaption><\/figure>\n<\/div>\n\n\n<p>&nbsp;<\/p>\n\n\n<div class=\"wp-block-image\">\n<figure class=\"aligncenter\"><img decoding=\"async\" src=\"https:\/\/lh7-rt.googleusercontent.com\/docsz\/AD_4nXdFchjLc3n2jbQItzACrqj1Re9-kzmFyulzRKEWOAlVVLsZQlM5djNTFhbycJ7Wtck53jbJENW1HRShjH-8simyXjFkY0SyiaOYc93T_HF-jxpWP4tM9O6DGHeukmKQEGDQvwerCR7iEx7x_peMLoo?key=W4KWSNnJsE2ZuEv6DYLjow\" alt=\"\"\/><figcaption class=\"wp-element-caption\"><strong>Onze vader<\/strong><br><br>als de lange neuzen&nbsp;<br>dezelfde kant op staan<br>en we onze statuur even&nbsp;<br>te grabbel mogen gooien<br><br>dan krijgt het leven eenvoud en kan<br>kinderlijk plezier van weleer&nbsp;<br>zijn korte tocht&nbsp;<br>naar het daglicht voltooien&nbsp;<br><br>er is hier geknutseld&nbsp;<br>aan zotte dromen&nbsp;<br><br>in een klaarlichte roes van plezier&nbsp;<br>slaapwandelt men er gezamenlijk doorheen&nbsp;<br><br>een prins uit ons midden<br>is in het zadel gehesen<br>en de blauwe kieltjes zijn volgeprikt met insignes<br>het zullen allen boeren wezen&nbsp;<br><br>zeg eens, wat is er mooier dan een grap<br>die je niet hoeft te vertellen?<br>de kinderen kijken simpelweg om zich heen<br>en omhoog<br><br>daar is even geen hoogbouw te zien<br>want dit is een oergezellig dorp&nbsp;<br>in flu\u00efde, vloeibare motie geworden&nbsp;<br>oeteldonk zal ze heten&nbsp;<br>op de m\u00e9rt verkleurt een oud bruin caf\u00e9<br>dat vrij vertaald &#8216;onze vader&#8217; heet&nbsp;<br>naar het bekende rood-wit-geel&nbsp;<br>er staat een wachtrij&nbsp;<br><br>kroegbaas bert is ook de portier<br>is ook de stem die zegt&nbsp;<br>komt u maar<br>of nog even niet&nbsp;<br><br>is ook de bedenker&nbsp;<br>van smoesjes voor stamgasten&nbsp;<br>is ook degene die dan &#8216;loodgieters&#8217;<br>of zelfs indien gelijkend<br>zijn zogenaamde vaders uit de wachtrij plukt&nbsp;<br>komt u maar&nbsp;<br><br>bert is schatplichtig<br>en zijn gasten kennen dit ritueel<br>en het kan allemaal<br>omdat de lange neuzen dezelfde kant op staan&nbsp;<br><br>een bekende met bolhoed en kiel<br>twee koppen kleiner dan kroegbaas bert<br>zoekt contact vanuit de rij<br><br>hij vraagt bijna verlegen&nbsp;<br>kroegbaas bert<br>mag ik nu ook eens een keer<br>je vader zijn?&nbsp;<br><br><br><br> FRISO WOUDSTRA<br><\/figcaption><\/figure>\n<\/div>\n\n\n<p>&nbsp;<\/p>\n\n\n\n<p>&nbsp;<\/p>\n\n\n\n<p>&nbsp;<\/p>\n\n\n\n<p>&nbsp;<\/p>\n\n\n\n<p>&nbsp;<\/p>\n\n\n\n<p>&nbsp;<\/p>\n\n\n\n<p>&nbsp;<\/p>\n\n\n\n<p>&nbsp;<\/p>\n\r\n\t\t<style>\r\n\t\t\t.huge-it-share-buttons {\r\n\t\t\t\tborder:0px solid #0FB5D6;\r\n\t\t\t\tborder-radius:5px;\r\n\t\t\t\tbackground:#3BD8FF;\r\n\t\t\t\t\t\t text-align:right; \t\t\t\t\t\t}\r\n\r\n\t\t\t#huge-it-share-buttons-top {margin-bottom:0px;}\r\n\t\t\t#huge-it-share-buttons-bottom {margin-top:0px;}\r\n\r\n\t\t\t.huge-it-share-buttons h3 {\r\n\t\t\t\tfont-size:25px ;\r\n\t\t\t\tfont-family:Arial,Helvetica Neue,Helvetica,sans-serif;\r\n\t\t\t\tcolor:#666666;\r\n\r\n\t\t\tdisplay:block;\t\t\t\tline-height:25px ;\r\n\r\n\t\t\t\t\t\t text-align:right; \t\t\t\t\t\t}\r\n\r\n\t\t\t.huge-it-share-buttons ul {\r\n\t\t\t\t\t\t float:right; \t\t\t\t\t\t}\r\n\r\n\t\t\t.huge-it-share-buttons ul li {\r\n\t\t\t\tmargin-left:3px;\r\n\t\t\t\tmargin-right:3px;\r\n\t\t\t\tpadding:0px;\r\n\t\t\t\tborder:0px ridge #E6354C;\r\n\t\t\t\tborder-radius:11px;\r\n\t\t\t\tbackground-color:#14CC9B;\r\n\t\t\t}\r\n\r\n\t\t\t.huge-it-share-buttons ul li #backforunical31783 {\r\n\t\t\t\tborder-bottom: 0;\r\n\t\t\t\tbackground-image:url('https:\/\/www.pomgedichten.nl\/wp-content\/plugins\/wp-share-buttons\/Front_end\/..\/images\/buttons.20.png');\r\n\t\t\t\twidth:20px;\r\n\t\t\t\theight:20px;\r\n\t\t\t}\r\n\r\n\t\t\t.front-shares-count {\r\n\t\t\t\tposition: absolute;\r\n\t\t\t\ttext-align: center;\r\n\t\t\t\tdisplay: block;\r\n\t\t\t}\r\n\r\n\t\t\t.shares_size20 .front-shares-count {\r\n\t\t\t\tfont-size: 10px;\r\n\t\t\t\ttop: 10px;\r\n\t\t\t\twidth: 20px;\r\n\t\t\t}\r\n\r\n\t\t\t.shares_size30 .front-shares-count {\r\n\t\t\t\tfont-size: 11px;\r\n\t\t\t\ttop: 15px;\r\n\t\t\t\twidth: 30px;\r\n\t\t\t}\r\n\r\n\t\t\t.shares_size40 .front-shares-count {\r\n\t\t\t\tfont-size: 12px;\r\n\t\t\t\ttop: 21px;\r\n\t\t\t\twidth: 40px;\r\n\t\t\t}\r\n\t\t<\/style>\r\n\t\t\r\n\t\t<div id=\"huge-it-share-buttons-top\" class=\"huge-it-share-buttons nobackground\">\r\n\t\t\t<h3>Share This:<\/h3>\r\n\t\t\t<ul class=\"huge-it-share-buttons-list \">\r\n\t\t\t\t\t\t\t\t\t<li class=\"nobackground \" >\r\n\r\n\t\t\t\t\t\t\t\t\t\t\t\t<a id=\"backforunical31783\" href=\"https:\/\/www.facebook.com\/sharer\/sharer.php?u=www.pomgedichten.nl\/index.php\/wp-json\/wp\/v2\/posts\/31783\"  onclick=\"javascript:void window.open('https:\/\/www.facebook.com\/sharer\/sharer.php?u=www.pomgedichten.nl\/index.php\/wp-json\/wp\/v2\/posts\/31783','1410949501326','width=700,height=500,toolbar=0,menubar=0,location=0,status=1,scrollbars=1,resizable=1,left=0,top=0');return false;\" style=\"background-position: -0px -80px \"><\/a>\r\n\t\t\t\t\t<\/li>\r\n\t\t\t\t\t\t\t\t\t\t<li class=\"nobackground \" >\r\n\r\n\t\t\t\t\t\t\t\t\t\t\t\t<a id=\"backforunical31783\" href=\"https:\/\/twitter.com\/share?status=www.pomgedichten.nl\/index.php\/wp-json\/wp\/v2\/posts\/31783&text=FRISO WOUDSTRA de vier vrijdagen &#8211; deel 4 &#8211; uit de bundel \u2018Dag licht of Dichters, ze stelen de show\u2019\"  onclick=\"javascript:void window.open('https:\/\/twitter.com\/share?status=www.pomgedichten.nl\/index.php\/wp-json\/wp\/v2\/posts\/31783&text=FRISO WOUDSTRA de vier vrijdagen &#8211; deel 4 &#8211; uit de bundel \u2018Dag licht of Dichters, ze stelen de show\u2019','1410949501326','width=700,height=500,toolbar=0,menubar=0,location=0,status=1,scrollbars=1,resizable=1,left=0,top=0');return false;\" style=\"background-position: -20px -80px \"><\/a>\r\n\t\t\t\t\t<\/li>\r\n\t\t\t\t\t\t\t\t\t\t<li class=\"none nobackground \" >\r\n\r\n\t\t\t\t\t\t\t\t\t\t\t\t<a id=\"backforunical31783\" href=\"http:\/\/www.pinterest.com\/pin\/create\/button\/?url=www.pomgedichten.nl\/index.php\/wp-json\/wp\/v2\/posts\/31783&media=https:\/\/www.pomgedichten.nl\/wp-content\/plugins\/wp-share-buttons\/Front_end\/..\/images\/noimage.png&description=FRISO WOUDSTRA de vier vrijdagen &#8211; deel 4 &#8211; uit de bundel \u2018Dag licht of Dichters, ze stelen de show\u2019\"  onclick=\"javascript:void window.open('http:\/\/www.pinterest.com\/pin\/create\/button\/?url=www.pomgedichten.nl\/index.php\/wp-json\/wp\/v2\/posts\/31783&media=https:\/\/www.pomgedichten.nl\/wp-content\/plugins\/wp-share-buttons\/Front_end\/..\/images\/noimage.png&description=FRISO WOUDSTRA de vier vrijdagen &#8211; deel 4 &#8211; uit de bundel \u2018Dag licht of Dichters, ze stelen de show\u2019','1410949501326','width=700,height=500,toolbar=0,menubar=0,location=0,status=1,scrollbars=1,resizable=1,left=0,top=0');return false;\" style=\"background-position: -40px -80px \"><\/a>\r\n\t\t\t\t\t<\/li>\r\n\t\t\t\t\t\t\t\t\t\t<li class=\"none nobackground \" >\r\n\r\n\t\t\t\t\t\t\t\t\t\t\t\t<a id=\"backforunical31783\" href=\"https:\/\/plus.google.com\/share?url=www.pomgedichten.nl\/index.php\/wp-json\/wp\/v2\/posts\/31783\"  onclick=\"javascript:void window.open('https:\/\/plus.google.com\/share?url=www.pomgedichten.nl\/index.php\/wp-json\/wp\/v2\/posts\/31783','1410949501326','width=700,height=500,toolbar=0,menubar=0,location=0,status=1,scrollbars=1,resizable=1,left=0,top=0');return false;\" style=\"background-position: -60px -80px \"><\/a>\r\n\t\t\t\t\t<\/li>\r\n\t\t\t\t\t\t\t\t\t\t<li class=\"nobackground \" >\r\n\r\n\t\t\t\t\t\t\t\t\t\t\t\t<a id=\"backforunical31783\" href=\"https:\/\/www.linkedin.com\/shareArticle?title=FRISO WOUDSTRA de vier vrijdagen &#8211; deel 4 &#8211; uit de bundel \u2018Dag licht of Dichters, ze stelen de show\u2019&mini=true&url=https:\/\/www.pomgedichten.nl\/index.php\/wp-json\/wp\/v2\/posts\/31783\"  onclick=\"javascript:void window.open('https:\/\/www.linkedin.com\/shareArticle?title=FRISO WOUDSTRA de vier vrijdagen &#8211; deel 4 &#8211; uit de bundel \u2018Dag licht of Dichters, ze stelen de show\u2019&mini=true&url=https:\/\/www.pomgedichten.nl\/index.php\/wp-json\/wp\/v2\/posts\/31783','1410949501326','width=700,height=500,toolbar=0,menubar=0,location=0,status=1,scrollbars=1,resizable=1,left=0,top=0');return false;\" style=\"background-position: -80px -80px \"><\/a>\r\n\t\t\t\t\t<\/li>\r\n\t\t\t\t\t\t\t\t\t\t<li class=\"none nobackground \" >\r\n\r\n\t\t\t\t\t\t\t\t\t\t\t\t<a id=\"backforunical31783\" href=\"https:\/\/www.tumblr.com\/share\/link?url=www.pomgedichten.nl\/index.php\/wp-json\/wp\/v2\/posts\/31783&name=FRISO WOUDSTRA de vier vrijdagen &#8211; deel 4 &#8211; uit de bundel \u2018Dag licht of Dichters, ze stelen de show\u2019\"  onclick=\"javascript:void window.open('https:\/\/www.tumblr.com\/share\/link?url=www.pomgedichten.nl\/index.php\/wp-json\/wp\/v2\/posts\/31783&name=FRISO WOUDSTRA de vier vrijdagen &#8211; deel 4 &#8211; uit de bundel \u2018Dag licht of Dichters, ze stelen de show\u2019','1410949501326','width=700,height=500,toolbar=0,menubar=0,location=0,status=1,scrollbars=1,resizable=1,left=0,top=0');return false;\" style=\"background-position: -100px -80px \"><\/a>\r\n\t\t\t\t\t<\/li>\r\n\t\t\t\t\t\t\t\t\t\t<li class=\"none nobackground \" >\r\n\r\n\t\t\t\t\t\t\t\t\t\t\t\t<a id=\"backforunical31783\" href=\"http:\/\/digg.com\/submit?phase=2&url=www.pomgedichten.nl\/index.php\/wp-json\/wp\/v2\/posts\/31783&title=FRISO WOUDSTRA de vier vrijdagen &#8211; deel 4 &#8211; uit de bundel \u2018Dag licht of Dichters, ze stelen de show\u2019\"  onclick=\"javascript:void window.open('http:\/\/digg.com\/submit?phase=2&url=www.pomgedichten.nl\/index.php\/wp-json\/wp\/v2\/posts\/31783&title=FRISO WOUDSTRA de vier vrijdagen &#8211; deel 4 &#8211; uit de bundel \u2018Dag licht of Dichters, ze stelen de show\u2019','1410949501326','width=700,height=500,toolbar=0,menubar=0,location=0,status=1,scrollbars=1,resizable=1,left=0,top=0');return false;\" style=\"background-position: -120px -80px \"><\/a>\r\n\t\t\t\t\t<\/li>\r\n\t\t\t\t\t\t\t\t\t\t<li class=\"none nobackground \" >\r\n\r\n\t\t\t\t\t\t\t\t\t\t\t\t<a id=\"backforunical31783\" href=\"http:\/\/www.stumbleupon.com\/submit?url=www.pomgedichten.nl\/index.php\/wp-json\/wp\/v2\/posts\/31783&title=FRISO WOUDSTRA de vier vrijdagen &#8211; deel 4 &#8211; uit de bundel \u2018Dag licht of Dichters, ze stelen de show\u2019\"  onclick=\"javascript:void window.open('http:\/\/www.stumbleupon.com\/submit?url=www.pomgedichten.nl\/index.php\/wp-json\/wp\/v2\/posts\/31783&title=FRISO WOUDSTRA de vier vrijdagen &#8211; deel 4 &#8211; uit de bundel \u2018Dag licht of Dichters, ze stelen de show\u2019','1410949501326','width=700,height=500,toolbar=0,menubar=0,location=0,status=1,scrollbars=1,resizable=1,left=0,top=0');return false;\" style=\"background-position: -140px -80px \"><\/a>\r\n\t\t\t\t\t<\/li>\r\n\t\t\t\t\t\t\t\t\t\t<li class=\"none nobackground \" >\r\n\r\n\t\t\t\t\t\t\t\t\t\t\t\t<a id=\"backforunical31783\" href=\"https:\/\/myspace.com\/post?l=3&u=www.pomgedichten.nl\/index.php\/wp-json\/wp\/v2\/posts\/31783\"  onclick=\"javascript:void window.open('https:\/\/myspace.com\/post?l=3&u=www.pomgedichten.nl\/index.php\/wp-json\/wp\/v2\/posts\/31783','1410949501326','width=700,height=500,toolbar=0,menubar=0,location=0,status=1,scrollbars=1,resizable=1,left=0,top=0');return false;\" style=\"background-position: -160px -80px \"><\/a>\r\n\t\t\t\t\t<\/li>\r\n\t\t\t\t\t\t\t\t\t\t<li class=\"none nobackground \" >\r\n\r\n\t\t\t\t\t\t\t\t\t\t\t\t<a id=\"backforunical31783\" href=\"http:\/\/vk.com\/share.php?url=www.pomgedichten.nl\/index.php\/wp-json\/wp\/v2\/posts\/31783&title=FRISO WOUDSTRA de vier vrijdagen &#8211; deel 4 &#8211; uit de bundel \u2018Dag licht of Dichters, ze stelen de show\u2019\"  onclick=\"javascript:void window.open('http:\/\/vk.com\/share.php?url=www.pomgedichten.nl\/index.php\/wp-json\/wp\/v2\/posts\/31783&title=FRISO WOUDSTRA de vier vrijdagen &#8211; deel 4 &#8211; uit de bundel \u2018Dag licht of Dichters, ze stelen de show\u2019','1410949501326','width=700,height=500,toolbar=0,menubar=0,location=0,status=1,scrollbars=1,resizable=1,left=0,top=0');return false;\" style=\"background-position: -180px -80px \"><\/a>\r\n\t\t\t\t\t<\/li>\r\n\t\t\t\t\t\t\t\t\t\t<li class=\"none nobackground \" >\r\n\r\n\t\t\t\t\t\t\t\t\t\t\t\t<a id=\"backforunical31783\" href=\"http:\/\/www.reddit.com\/submit?url=www.pomgedichten.nl\/index.php\/wp-json\/wp\/v2\/posts\/31783&title=FRISO WOUDSTRA de vier vrijdagen &#8211; deel 4 &#8211; uit de bundel \u2018Dag licht of Dichters, ze stelen de show\u2019\"  onclick=\"javascript:void window.open('http:\/\/www.reddit.com\/submit?url=www.pomgedichten.nl\/index.php\/wp-json\/wp\/v2\/posts\/31783&title=FRISO WOUDSTRA de vier vrijdagen &#8211; deel 4 &#8211; uit de bundel \u2018Dag licht of Dichters, ze stelen de show\u2019','1410949501326','width=700,height=500,toolbar=0,menubar=0,location=0,status=1,scrollbars=1,resizable=1,left=0,top=0');return false;\" style=\"background-position: -200px -80px \"><\/a>\r\n\t\t\t\t\t<\/li>\r\n\t\t\t\t\t\t\t\t\t\t<li class=\"none nobackground \" >\r\n\r\n\t\t\t\t\t\t\t\t\t\t\t\t<a id=\"backforunical31783\" href=\"http:\/\/www.bebo.com\/c\/share?Url=www.pomgedichten.nl\/index.php\/wp-json\/wp\/v2\/posts\/31783\"  onclick=\"javascript:void window.open('http:\/\/www.bebo.com\/c\/share?Url=www.pomgedichten.nl\/index.php\/wp-json\/wp\/v2\/posts\/31783','1410949501326','width=700,height=500,toolbar=0,menubar=0,location=0,status=1,scrollbars=1,resizable=1,left=0,top=0');return false;\" style=\"background-position: -220px -80px \"><\/a>\r\n\t\t\t\t\t<\/li>\r\n\t\t\t\t\t\t\t\t\t\t<li class=\"none nobackground \" >\r\n\r\n\t\t\t\t\t\t\t\t\t\t\t\t<a id=\"backforunical31783\" href=\"https:\/\/delicious.com\/save?v=5&noui&jump=close&url=www.pomgedichten.nl\/index.php\/wp-json\/wp\/v2\/posts\/31783&title=FRISO WOUDSTRA de vier vrijdagen &#8211; deel 4 &#8211; uit de bundel \u2018Dag licht of Dichters, ze stelen de show\u2019\"  onclick=\"javascript:void window.open('https:\/\/delicious.com\/save?v=5&noui&jump=close&url=www.pomgedichten.nl\/index.php\/wp-json\/wp\/v2\/posts\/31783&title=FRISO WOUDSTRA de vier vrijdagen &#8211; deel 4 &#8211; uit de bundel \u2018Dag licht of Dichters, ze stelen de show\u2019','1410949501326','width=700,height=500,toolbar=0,menubar=0,location=0,status=1,scrollbars=1,resizable=1,left=0,top=0');return false;\" style=\"background-position: -240px -80px \"><\/a>\r\n\t\t\t\t\t<\/li>\r\n\t\t\t\t\t\t\t\t\t\t<li class=\"none nobackground \" >\r\n\r\n\t\t\t\t\t\t\t\t\t\t\t\t<a id=\"backforunical31783\" href=\"http:\/\/www.odnoklassniki.ru\/dk?st.cmd=addShare&st.s=2&st.noresize=on&st._surl=www.pomgedichten.nl\/index.php\/wp-json\/wp\/v2\/posts\/31783\"  onclick=\"javascript:void window.open('http:\/\/www.odnoklassniki.ru\/dk?st.cmd=addShare&st.s=2&st.noresize=on&st._surl=www.pomgedichten.nl\/index.php\/wp-json\/wp\/v2\/posts\/31783','1410949501326','width=700,height=500,toolbar=0,menubar=0,location=0,status=1,scrollbars=1,resizable=1,left=0,top=0');return false;\" style=\"background-position: -260px -80px \"><\/a>\r\n\t\t\t\t\t<\/li>\r\n\t\t\t\t\t\t\t\t\t\t<li class=\"none nobackground \" >\r\n\r\n\t\t\t\t\t\t\t\t\t\t\t\t<a id=\"backforunical31783\" href=\"http:\/\/sns.qzone.qq.com\/cgi-bin\/qzshare\/cgi_qzshare_onekey?url=www.pomgedichten.nl\/index.php\/wp-json\/wp\/v2\/posts\/31783&title=FRISO WOUDSTRA de vier vrijdagen &#8211; deel 4 &#8211; uit de bundel \u2018Dag licht of Dichters, ze stelen de show\u2019\"  onclick=\"javascript:void window.open('http:\/\/sns.qzone.qq.com\/cgi-bin\/qzshare\/cgi_qzshare_onekey?url=www.pomgedichten.nl\/index.php\/wp-json\/wp\/v2\/posts\/31783&title=FRISO WOUDSTRA de vier vrijdagen &#8211; deel 4 &#8211; uit de bundel \u2018Dag licht of Dichters, ze stelen de show\u2019','1410949501326','width=700,height=500,toolbar=0,menubar=0,location=0,status=1,scrollbars=1,resizable=1,left=0,top=0');return false;\" style=\"background-position: -280px -80px \"><\/a>\r\n\t\t\t\t\t<\/li>\r\n\t\t\t\t\t\t\t\t\t\t<li class=\"none nobackground \" >\r\n\r\n\t\t\t\t\t\t\t\t\t\t\t\t<a id=\"backforunical31783\" href=\"http:\/\/service.weibo.com\/share\/share.php?url=www.pomgedichten.nl\/index.php\/wp-json\/wp\/v2\/posts\/31783&appkey=&title=FRISO WOUDSTRA de vier vrijdagen &#8211; deel 4 &#8211; uit de bundel \u2018Dag licht of Dichters, ze stelen de show\u2019&pic=&ralateUid=&\"  onclick=\"javascript:void window.open('http:\/\/service.weibo.com\/share\/share.php?url=www.pomgedichten.nl\/index.php\/wp-json\/wp\/v2\/posts\/31783&appkey=&title=FRISO WOUDSTRA de vier vrijdagen &#8211; deel 4 &#8211; uit de bundel \u2018Dag licht of Dichters, ze stelen de show\u2019&pic=&ralateUid=&','1410949501326','width=700,height=500,toolbar=0,menubar=0,location=0,status=1,scrollbars=1,resizable=1,left=0,top=0');return false;\" style=\"background-position: -300px -80px \"><\/a>\r\n\t\t\t\t\t<\/li>\r\n\t\t\t\t\t\t\t\t\t\t<li class=\"none nobackground \" >\r\n\r\n\t\t\t\t\t\t\t\t\t\t\t\t<a id=\"backforunical31783\" href=\"http:\/\/widget.renren.com\/dialog\/share?resourceUrl=www.pomgedichten.nl\/index.php\/wp-json\/wp\/v2\/posts\/31783&srcUrl=www.pomgedichten.nl\/index.php\/wp-json\/wp\/v2\/posts\/31783&title=FRISO WOUDSTRA de vier vrijdagen &#8211; deel 4 &#8211; uit de bundel \u2018Dag licht of Dichters, ze stelen de show\u2019\"  onclick=\"javascript:void window.open('http:\/\/widget.renren.com\/dialog\/share?resourceUrl=www.pomgedichten.nl\/index.php\/wp-json\/wp\/v2\/posts\/31783&srcUrl=www.pomgedichten.nl\/index.php\/wp-json\/wp\/v2\/posts\/31783&title=FRISO WOUDSTRA de vier vrijdagen &#8211; deel 4 &#8211; uit de bundel \u2018Dag licht of Dichters, ze stelen de show\u2019','1410949501326','width=700,height=500,toolbar=0,menubar=0,location=0,status=1,scrollbars=1,resizable=1,left=0,top=0');return false;\" style=\"background-position: -320px -80px \"><\/a>\r\n\t\t\t\t\t<\/li>\r\n\t\t\t\t\t\t\t\t\t\t<li class=\"none nobackground \" >\r\n\r\n\t\t\t\t\t\t\t\t\t\t\t\t<a id=\"backforunical31783\" href=\"http:\/\/n4g.com\/tips?url=www.pomgedichten.nl\/index.php\/wp-json\/wp\/v2\/posts\/31783&title=FRISO WOUDSTRA de vier vrijdagen &#8211; deel 4 &#8211; uit de bundel \u2018Dag licht of Dichters, ze stelen de show\u2019\"  onclick=\"javascript:void window.open('http:\/\/n4g.com\/tips?url=www.pomgedichten.nl\/index.php\/wp-json\/wp\/v2\/posts\/31783&title=FRISO WOUDSTRA de vier vrijdagen &#8211; deel 4 &#8211; uit de bundel \u2018Dag licht of Dichters, ze stelen de show\u2019','1410949501326','width=700,height=500,toolbar=0,menubar=0,location=0,status=1,scrollbars=1,resizable=1,left=0,top=0');return false;\" style=\"background-position: -340px -80px \"><\/a>\r\n\t\t\t\t\t<\/li>\r\n\t\t\t\t\t\t\t\t<\/ul>\r\n\t\t\t<div class=\"clear\"><\/div>\r\n\t\t<\/div>\r\n\t\t","protected":false},"excerpt":{"rendered":"<p>&nbsp; &nbsp; &nbsp; &nbsp; &nbsp; &nbsp; &nbsp; &nbsp; &nbsp; Share This:<\/p>\n","protected":false},"author":2,"featured_media":0,"comment_status":"open","ping_status":"open","sticky":false,"template":"","format":"standard","meta":{"_bbp_topic_count":0,"_bbp_reply_count":0,"_bbp_total_topic_count":0,"_bbp_total_reply_count":0,"_bbp_voice_count":0,"_bbp_anonymous_reply_count":0,"_bbp_topic_count_hidden":0,"_bbp_reply_count_hidden":0,"_bbp_forum_subforum_count":0,"footnotes":""},"categories":[1],"tags":[137],"class_list":["post-31783","post","type-post","status-publish","format-standard","hentry","category-pomberichten","tag-frisowoudstra","entry"],"_links":{"self":[{"href":"https:\/\/www.pomgedichten.nl\/index.php\/wp-json\/wp\/v2\/posts\/31783","targetHints":{"allow":["GET"]}}],"collection":[{"href":"https:\/\/www.pomgedichten.nl\/index.php\/wp-json\/wp\/v2\/posts"}],"about":[{"href":"https:\/\/www.pomgedichten.nl\/index.php\/wp-json\/wp\/v2\/types\/post"}],"author":[{"embeddable":true,"href":"https:\/\/www.pomgedichten.nl\/index.php\/wp-json\/wp\/v2\/users\/2"}],"replies":[{"embeddable":true,"href":"https:\/\/www.pomgedichten.nl\/index.php\/wp-json\/wp\/v2\/comments?post=31783"}],"version-history":[{"count":3,"href":"https:\/\/www.pomgedichten.nl\/index.php\/wp-json\/wp\/v2\/posts\/31783\/revisions"}],"predecessor-version":[{"id":31787,"href":"https:\/\/www.pomgedichten.nl\/index.php\/wp-json\/wp\/v2\/posts\/31783\/revisions\/31787"}],"wp:attachment":[{"href":"https:\/\/www.pomgedichten.nl\/index.php\/wp-json\/wp\/v2\/media?parent=31783"}],"wp:term":[{"taxonomy":"category","embeddable":true,"href":"https:\/\/www.pomgedichten.nl\/index.php\/wp-json\/wp\/v2\/categories?post=31783"},{"taxonomy":"post_tag","embeddable":true,"href":"https:\/\/www.pomgedichten.nl\/index.php\/wp-json\/wp\/v2\/tags?post=31783"}],"curies":[{"name":"wp","href":"https:\/\/api.w.org\/{rel}","templated":true}]}}